{"id":918,"date":"2025-08-22T17:17:40","date_gmt":"2025-08-22T17:17:40","guid":{"rendered":"https:\/\/thebarrister.cz\/?p=918"},"modified":"2025-08-30T15:44:48","modified_gmt":"2025-08-30T15:44:48","slug":"vystava-jitka-nesnidalova-roman-trabura-spolu","status":"publish","type":"post","link":"https:\/\/thebarrister.cz\/en\/2025\/08\/22\/vystava-jitka-nesnidalova-roman-trabura-spolu\/","title":{"rendered":"V\u00fdstava Jitka Nesn\u00eddalov\u00e1 &#038; Roman Trabura: SPOLU"},"content":{"rendered":"<p>Od 4. 9. do 5. 10. 2025 m\u016f\u017eete v The Barrister nav\u0161t\u00edvit v\u00fdstavu p\u0159edn\u00edch \u010desk\u00fdch v\u00fdtvarn\u00edk\u016f\u00a0<strong>Jitky Nesn\u00eddalov\u00e9<\/strong>\u00a0a\u00a0<strong>Romana Trabury\u00a0<em>SPOLU<\/em><\/strong>. V\u00fdstava p\u0159edstav\u00ed v\u00edce, ne\u017e t\u0159i des\u00edtky d\u011bl (pl\u00e1ten i grafick\u00fdch prac\u00ed) t\u011bchto um\u011blc\u016f z posledn\u00edch let.<\/p>\n<p dir=\"ltr\">Vernis\u00e1\u017e prob\u011bhne\u00a0<strong>ve st\u0159edu 3. 9. 2025 od 18.00<\/strong>\u00a0v prostor\u00e1ch The Barrister.<\/p>\n<p><span style=\"font-weight: 400;\">V\u00fdstavu je mo\u017en\u00e9 zdarma nav\u0161t\u00edvit kdykoliv v otev\u00edrac\u00ed dob\u011b The Barrister: <\/span>PO-NE: 8:00\u2013\u206020:00.<\/p>\n<p>&nbsp;<\/p>\n<p>Katalog v\u00fdstavy si m\u016f\u017eete prohl\u00e9dnout zde: <a href=\"https:\/\/thebarrister.cz\/wp-content\/uploads\/2025\/08\/Katalog_Spolu_220x220.pdf\">KATALOG V\u00ddSTAVY SPOLU<\/a>.<\/p>\n<p>&nbsp;<\/p>\n<p><span style=\"font-weight: 400;\">V\u00fdstava je prodejn\u00ed. V p\u0159\u00edpad\u011b z\u00e1jmu o zakoupen\u00ed n\u011bkter\u00e9ho z d\u011bl pi\u0161te na info@thebarrister.cz nebo volejte na 739 058 237.<\/span><\/p>\n<p>&nbsp;<\/p>","protected":false},"excerpt":{"rendered":"<p>Od 4. 9. do 5. 10. 2025 m\u016f\u017eete v The Barrister nav\u0161t\u00edvit v\u00fdstavu p\u0159edn\u00edch \u010desk\u00fdch v\u00fdtvarn\u00edk\u016f\u00a0Jitky Nesn\u00eddalov\u00e9\u00a0a\u00a0Romana Trabury\u00a0SPOLU. V\u00fdstava p\u0159edstav\u00ed v\u00edce, ne\u017e t\u0159i des\u00edtky d\u011bl (pl\u00e1ten i grafick\u00fdch prac\u00ed) t\u011bchto um\u011blc\u016f z posledn\u00edch let. Vernis\u00e1\u017e prob\u011bhne\u00a0ve st\u0159edu 3. 9. 2025 od 18.00\u00a0v prostor\u00e1ch The Barrister. V\u00fdstavu je mo\u017en\u00e9 zdarma nav\u0161t\u00edvit kdykoliv v otev\u00edrac\u00ed dob\u011b The [&hellip;]<\/p>\n","protected":false},"author":3,"featured_media":919,"comment_status":"open","ping_status":"open","sticky":false,"template":"","format":"standard","meta":{"_acf_changed":false,"footnotes":""},"categories":[8],"tags":[],"class_list":["post-918","post","type-post","status-publish","format-standard","has-post-thumbnail","hentry","category-events"],"acf":[],"aioseo_notices":[],"_links":{"self":[{"href":"https:\/\/thebarrister.cz\/en\/wp-json\/wp\/v2\/posts\/918","targetHints":{"allow":["GET"]}}],"collection":[{"href":"https:\/\/thebarrister.cz\/en\/wp-json\/wp\/v2\/posts"}],"about":[{"href":"https:\/\/thebarrister.cz\/en\/wp-json\/wp\/v2\/types\/post"}],"author":[{"embeddable":true,"href":"https:\/\/thebarrister.cz\/en\/wp-json\/wp\/v2\/users\/3"}],"replies":[{"embeddable":true,"href":"https:\/\/thebarrister.cz\/en\/wp-json\/wp\/v2\/comments?post=918"}],"version-history":[{"count":5,"href":"https:\/\/thebarrister.cz\/en\/wp-json\/wp\/v2\/posts\/918\/revisions"}],"predecessor-version":[{"id":926,"href":"https:\/\/thebarrister.cz\/en\/wp-json\/wp\/v2\/posts\/918\/revisions\/926"}],"wp:featuredmedia":[{"embeddable":true,"href":"https:\/\/thebarrister.cz\/en\/wp-json\/wp\/v2\/media\/919"}],"wp:attachment":[{"href":"https:\/\/thebarrister.cz\/en\/wp-json\/wp\/v2\/media?parent=918"}],"wp:term":[{"taxonomy":"category","embeddable":true,"href":"https:\/\/thebarrister.cz\/en\/wp-json\/wp\/v2\/categories?post=918"},{"taxonomy":"post_tag","embeddable":true,"href":"https:\/\/thebarrister.cz\/en\/wp-json\/wp\/v2\/tags?post=918"}],"curies":[{"name":"wp","href":"https:\/\/api.w.org\/{rel}","templated":true}]}}