{"id":595,"date":"2024-04-25T23:40:08","date_gmt":"2024-04-25T23:40:08","guid":{"rendered":"https:\/\/thebarrister.cz\/?p=595"},"modified":"2024-04-25T23:42:50","modified_gmt":"2024-04-25T23:42:50","slug":"vernisaz-vystavy-jitka-nesnidalova-art-is-the-law","status":"publish","type":"post","link":"https:\/\/thebarrister.cz\/en\/2024\/04\/25\/vernisaz-vystavy-jitka-nesnidalova-art-is-the-law\/","title":{"rendered":"Vernis\u00e1\u017e v\u00fdstavy &#8211; Jitka Nesn\u00eddalov\u00e1: ART IS THE LAW"},"content":{"rendered":"<h4>Zveme V\u00e1s na vernis\u00e1\u017e v\u00fdstavy ART IS THE LAW akademick\u00e9 mal\u00ed\u0159ky Jitky Nesn\u00eddalov\u00e9.<\/h4>\n<p>\u00da\u010dastn\u00edci vernis\u00e1\u017ee budou m\u00edt mo\u017enost p\u0159ednostn\u00ed koup\u011b litografi\u00ed a obraz\u016f z t\u00e9to v\u00fdstavy. P\u0159i zakoupen\u00ed litografie z\u00edsk\u00e1te od The Barrister d\u00e1rek v podob\u011b lahve kvalitn\u00edho prosecca, v p\u0159\u00edpad\u011b zakoupen\u00ed malby pak l\u00e1hev pr\u00e9miov\u00e9ho v\u00edna a dopravu a instalaci obrazu kdekoliv po republice.<\/p>\n<p>&nbsp;<\/p>\n<p>Speci\u00e1ln\u011b v tento ve\u010der p\u0159edstav\u00edme tak\u00e9 novou slu\u017ebu bez\u00farokov\u00e9 p\u016fj\u010dky na nov\u00e9 akvizice um\u011bleck\u00fdch d\u011bl, kterou jsme pro V\u00e1s p\u0159ipravili ve spolupr\u00e1ci s\u00a0Inbank.<\/p>\n<p>Otev\u00edr\u00e1me t\u00edm ka\u017ed\u00e9mu bez rozd\u00edlu mo\u017enost za\u010d\u00edt utv\u00e1\u0159et vlastn\u00ed um\u011bleckou kolekci s dlouhodobou kulturn\u00ed a investi\u010dn\u00ed hodnotou.<\/p>\n<p>&nbsp;<\/p>\n<p>Sou\u010d\u00e1st\u00ed vernis\u00e1\u017ee bude tak\u00e9 degustace exkluzivn\u00edch v\u00edn z nab\u00eddky The Barrister Coffee &amp; Wine. Vybran\u00e1 v\u00edna, kter\u00e1 V\u00e1s oslov\u00ed, si budete moci v tento ve\u010der zakoupit dom\u016f s t\u0159etinovou slevou.<\/p>\n<h5><\/h5>\n<h5>Kapacita akce je omezena. V p\u0159\u00edpad\u011b z\u00e1jmu o \u00fa\u010dast proto pros\u00edme o Va\u0161e v\u010dasn\u00e9 nahl\u00e1\u0161en\u00ed na guest list zasl\u00e1n\u00edm e-mailu na adresu\u00a0<a href=\"mailto:events@thebarrister.cz\">events@thebarrister.cz<\/a>.<\/h5>\n<p>&nbsp;<\/p>\n<p>T\u011b\u0161\u00edme se na setk\u00e1n\u00ed s V\u00e1mi!<\/p>\n<p>______________________________________________________________________________<\/p>\n<p>V\u00fdstava vznikla ve spolupr\u00e1ci se Sou\u010dasn\u00e1Grafika.cz<br class=\"html-br\" \/>Datum kon\u00e1n\u00ed v\u00fdstavy: 15. 5. &#8211; 16. 6. 2024<br class=\"html-br\" \/>Kur\u00e1tor v\u00fdstavy: Mgr. Jana Doktorov\u00e1<\/p>","protected":false},"excerpt":{"rendered":"<p>Zveme V\u00e1s na vernis\u00e1\u017e v\u00fdstavy ART IS THE LAW akademick\u00e9 mal\u00ed\u0159ky Jitky Nesn\u00eddalov\u00e9. \u00da\u010dastn\u00edci vernis\u00e1\u017ee budou m\u00edt mo\u017enost p\u0159ednostn\u00ed koup\u011b litografi\u00ed a obraz\u016f z t\u00e9to v\u00fdstavy. P\u0159i zakoupen\u00ed litografie z\u00edsk\u00e1te od The Barrister d\u00e1rek v podob\u011b lahve kvalitn\u00edho prosecca, v p\u0159\u00edpad\u011b zakoupen\u00ed malby pak l\u00e1hev pr\u00e9miov\u00e9ho v\u00edna a dopravu a instalaci obrazu kdekoliv po republice. [&hellip;]<\/p>\n","protected":false},"author":3,"featured_media":598,"comment_status":"open","ping_status":"open","sticky":false,"template":"","format":"standard","meta":{"_acf_changed":false,"footnotes":""},"categories":[8],"tags":[],"class_list":["post-595","post","type-post","status-publish","format-standard","has-post-thumbnail","hentry","category-events"],"acf":[],"aioseo_notices":[],"_links":{"self":[{"href":"https:\/\/thebarrister.cz\/en\/wp-json\/wp\/v2\/posts\/595","targetHints":{"allow":["GET"]}}],"collection":[{"href":"https:\/\/thebarrister.cz\/en\/wp-json\/wp\/v2\/posts"}],"about":[{"href":"https:\/\/thebarrister.cz\/en\/wp-json\/wp\/v2\/types\/post"}],"author":[{"embeddable":true,"href":"https:\/\/thebarrister.cz\/en\/wp-json\/wp\/v2\/users\/3"}],"replies":[{"embeddable":true,"href":"https:\/\/thebarrister.cz\/en\/wp-json\/wp\/v2\/comments?post=595"}],"version-history":[{"count":3,"href":"https:\/\/thebarrister.cz\/en\/wp-json\/wp\/v2\/posts\/595\/revisions"}],"predecessor-version":[{"id":600,"href":"https:\/\/thebarrister.cz\/en\/wp-json\/wp\/v2\/posts\/595\/revisions\/600"}],"wp:featuredmedia":[{"embeddable":true,"href":"https:\/\/thebarrister.cz\/en\/wp-json\/wp\/v2\/media\/598"}],"wp:attachment":[{"href":"https:\/\/thebarrister.cz\/en\/wp-json\/wp\/v2\/media?parent=595"}],"wp:term":[{"taxonomy":"category","embeddable":true,"href":"https:\/\/thebarrister.cz\/en\/wp-json\/wp\/v2\/categories?post=595"},{"taxonomy":"post_tag","embeddable":true,"href":"https:\/\/thebarrister.cz\/en\/wp-json\/wp\/v2\/tags?post=595"}],"curies":[{"name":"wp","href":"https:\/\/api.w.org\/{rel}","templated":true}]}}